{"id":300,"date":"2025-08-25T15:39:36","date_gmt":"2025-08-25T15:39:36","guid":{"rendered":"https:\/\/feda.com.ec\/aula\/?p=300"},"modified":"2025-08-25T15:52:36","modified_gmt":"2025-08-25T15:52:36","slug":"conoce-el-aula-virtual-feda","status":"publish","type":"post","link":"https:\/\/feda.com.ec\/aula\/2025\/08\/25\/conoce-el-aula-virtual-feda\/","title":{"rendered":"Conoce el Aula Virtual FEDA"},"content":{"rendered":"\n\n\n<p><strong>&nbsp;Conoce el Aula Virtual FEDA<\/strong><\/p>\n<p><br><\/p>\n<p>Como presidenta de la Federaci\u00f3n Ecuatoriana de Agentes de Aduana (FEDA), es un honor presentar este espacio de formaci\u00f3n t\u00e9cnica que nace con una misi\u00f3n clara: <strong>profesionalizar al agente de aduana y fortalecer el rol t\u00e9cnico del comercio exterior ecuatoriano y regional<\/strong>.<\/p>\n<p><br><\/p>\n<p>El Aula Virtual FEDA no es solo una plataforma educativa; es una herramienta estrat\u00e9gica de transformaci\u00f3n gremial. Aqu\u00ed se articulan los conocimientos de nuestros expertos, la normativa internacional vigente, la experiencia operativa del sector y los desaf\u00edos actuales de la log\u00edstica, el control y la facilitaci\u00f3n del comercio.<\/p>\n<p><br><\/p>\n<p>Nuestro enfoque es <strong>pr\u00e1ctico, especializado y actualizado<\/strong>, con cursos dise\u00f1ados para que cada agente pueda mejorar sus competencias, ampliar su visi\u00f3n profesional y acceder a contenidos de alta calidad, sin barreras geogr\u00e1ficas ni de horario.<\/p>\n<p><br><\/p>\n<p>En este entorno digital encontrar\u00e1s:<\/p>\n<ul><li>\n<p>Capacitaci\u00f3n con est\u00e1ndares internacionales<\/p>\n<\/li><li>\n<p>Docentes con trayectoria en organismos como OMA, CTVA y FMI<\/p>\n<\/li><li>\n<p>Certificados respaldados por FEDA y avalados regionalmente<\/p>\n<\/li><li>\n<p>Acceso a foros, bibliograf\u00eda t\u00e9cnica, casos reales y simulaciones<\/p>\n<\/li><li>\n<p>Comunidad de aprendizaje entre agentes, operadores y t\u00e9cnicos aduaneros<\/p>\n<\/li><\/ul>\n<p><br><\/p>\n<p>Creemos firmemente que una aduana m\u00e1s t\u00e9cnica, \u00e9tica y profesional se construye desde la educaci\u00f3n continua. Por eso, el Aula Virtual FEDA est\u00e1 dise\u00f1ada para que cada participante no solo aprenda, sino tambi\u00e9n se conecte, comparta experiencias y se proyecte como l\u00edder en su campo.<\/p>\n<p><br><\/p>\n<p><strong>Gracias por ser parte de esta transformaci\u00f3n.&nbsp;<\/strong><\/p><p><strong>Bienvenidos a la nueva era de la capacitaci\u00f3n aduanera.<\/strong><\/p>\n<p><br><\/p>\n<p><br><\/p>\n\n\n\n\n\n\n\n\n\n\n\n\n","protected":false},"excerpt":{"rendered":"","protected":false},"author":1,"featured_media":14,"comment_status":"closed","ping_status":"closed","sticky":false,"template":"","format":"standard","meta":{"pagelayer_contact_templates":[],"_pagelayer_content":"","footnotes":""},"categories":[4],"tags":[],"class_list":["post-300","post","type-post","status-publish","format-standard","has-post-thumbnail","hentry","category-aula"],"_links":{"self":[{"href":"https:\/\/feda.com.ec\/aula\/wp-json\/wp\/v2\/posts\/300","targetHints":{"allow":["GET"]}}],"collection":[{"href":"https:\/\/feda.com.ec\/aula\/wp-json\/wp\/v2\/posts"}],"about":[{"href":"https:\/\/feda.com.ec\/aula\/wp-json\/wp\/v2\/types\/post"}],"author":[{"embeddable":true,"href":"https:\/\/feda.com.ec\/aula\/wp-json\/wp\/v2\/users\/1"}],"replies":[{"embeddable":true,"href":"https:\/\/feda.com.ec\/aula\/wp-json\/wp\/v2\/comments?post=300"}],"version-history":[{"count":9,"href":"https:\/\/feda.com.ec\/aula\/wp-json\/wp\/v2\/posts\/300\/revisions"}],"predecessor-version":[{"id":314,"href":"https:\/\/feda.com.ec\/aula\/wp-json\/wp\/v2\/posts\/300\/revisions\/314"}],"wp:featuredmedia":[{"embeddable":true,"href":"https:\/\/feda.com.ec\/aula\/wp-json\/wp\/v2\/media\/14"}],"wp:attachment":[{"href":"https:\/\/feda.com.ec\/aula\/wp-json\/wp\/v2\/media?parent=300"}],"wp:term":[{"taxonomy":"category","embeddable":true,"href":"https:\/\/feda.com.ec\/aula\/wp-json\/wp\/v2\/categories?post=300"},{"taxonomy":"post_tag","embeddable":true,"href":"https:\/\/feda.com.ec\/aula\/wp-json\/wp\/v2\/tags?post=300"}],"curies":[{"name":"wp","href":"https:\/\/api.w.org\/{rel}","templated":true}]}}